[{"@context":"https:\/\/schema.org\/","@type":"Article","@id":"https:\/\/www.countryon.cz\/vse-pro-vase-domaci-siticko\/#Article","mainEntityOfPage":"https:\/\/www.countryon.cz\/vse-pro-vase-domaci-siticko\/","headline":"V\u0161e pro va\u0161e dom\u00e1c\u00ed \u0161it\u00ed\u010dko","name":"V\u0161e pro va\u0161e dom\u00e1c\u00ed \u0161it\u00ed\u010dko","description":"V\u011bt\u0161ina \u017een na sv\u011bt\u011b, jak v\u0161ichni z v\u00e1s v\u00ed, velmi r\u00e1da nakupuje. Jak u\u017e \u0161perky, parf\u00e9my, dekorace, tak asi nejd\u016fle\u017eit\u011bj\u0161\u00ed je pro n\u011b nakupov\u00e1n\u00ed oble\u010den\u00ed. \u017de Vy mezi tyto \u017eeny nepat\u0159\u00edte? R\u00e1da si sv\u00e9 oble\u010den\u00ed \u0161ijete? A nejenom oble\u010den\u00ed, ale...","datePublished":"2025-03-13","dateModified":"2025-03-13","author":{"@type":"Person","@id":"https:\/\/www.countryon.cz\/author\/#Person","name":"","url":"https:\/\/www.countryon.cz\/author\/","identifier":1,"image":{"@type":"ImageObject","@id":"https:\/\/secure.gravatar.com\/avatar\/0c97be8873d84c78e7a3da39294dc9e209ea44cdddcf1d79ac5ad761aa3cfc7f?s=96&d=mm&r=g","url":"https:\/\/secure.gravatar.com\/avatar\/0c97be8873d84c78e7a3da39294dc9e209ea44cdddcf1d79ac5ad761aa3cfc7f?s=96&d=mm&r=g","height":96,"width":96}},"publisher":{"@type":"Organization","name":"countryon.cz","logo":{"@type":"ImageObject","@id":"\/logo.png","url":"\/logo.png","width":600,"height":60}},"url":"https:\/\/www.countryon.cz\/vse-pro-vase-domaci-siticko\/","wordCount":180,"articleBody":"V\u011bt\u0161ina \u017een na sv\u011bt\u011b, jak v\u0161ichni z v\u00e1s v\u00ed, velmi r\u00e1da nakupuje. Jak u\u017e \u0161perky, parf\u00e9my, dekorace, tak asi nejd\u016fle\u017eit\u011bj\u0161\u00ed je pro n\u011b nakupov\u00e1n\u00ed oble\u010den\u00ed. \u017de Vy mezi tyto \u017eeny nepat\u0159\u00edte? R\u00e1da si sv\u00e9 oble\u010den\u00ed \u0161ijete? A nejenom oble\u010den\u00ed, ale i ostatn\u00ed dopl\u0148ky do dom\u00e1cnosti? P\u0159ij\u010fte k n\u00e1m a vyberte si z na\u0161ich dekora\u010dn\u00edch l\u00e1tek, kter\u00e9 v\u00e1m pomohou k va\u0161emu n\u00e1padu. U\u017eijte si jejich v\u00fdb\u011br a ladnost.Vyj\u00e1d\u0159ete sv\u016fj vkus, osobnost a temperamentNa\u0161e dekora\u010dn\u00ed l\u00e1tky jsou vhodn\u00e9 na pol\u0161t\u00e1\u0159e, pe\u0159iny, m\u016f\u017eete z nich u\u0161\u00edt povlaky na povle\u010den\u00ed, z\u00e1v\u011bsy a jin\u00e9 dekora\u010dn\u00ed dopl\u0148ky osv\u011btluj\u00edc\u00ed a zkr\u00e1\u0161luj\u00edc\u00ed v\u00e1\u0161 domov. Na\u0161imi dekora\u010dn\u00edmi symboly vyj\u00e1d\u0159\u00edte sv\u016fj vkus, temperament a svou vlastn\u00ed osobnost. Vytvo\u0159te si sv\u016fj vlastn\u00ed domov podle va\u0161ich p\u0159edstav.                                                                                                                                                                                                                                                                                                                                                                                        3\/5 - (1 vote)        "},{"@context":"https:\/\/schema.org\/","@type":"BreadcrumbList","itemListElement":[{"@type":"ListItem","position":1,"name":"V\u0161e pro va\u0161e dom\u00e1c\u00ed \u0161it\u00ed\u010dko","item":"https:\/\/www.countryon.cz\/vse-pro-vase-domaci-siticko\/#breadcrumbitem"}]}]