[{"@context":"https:\/\/schema.org\/","@type":"Article","@id":"https:\/\/www.countryon.cz\/to-nejlepsi-z-parize-aneb-4-duvody-proc-vyrazit\/#Article","mainEntityOfPage":"https:\/\/www.countryon.cz\/to-nejlepsi-z-parize-aneb-4-duvody-proc-vyrazit\/","headline":"To nejlep\u0161\u00ed z Pa\u0159\u00ed\u017ee aneb 4 d\u016fvody pro\u010d vyrazit","name":"To nejlep\u0161\u00ed z Pa\u0159\u00ed\u017ee aneb 4 d\u016fvody pro\u010d vyrazit","description":"Kultura Pa\u0159\u00ed\u017e je kulturou zcela obklopen\u00e1. Asi \u00fapln\u011b prvn\u00ed, co v\u0161echny napadne je Eiffelova v\u011b\u017e. Vznikla na po\u010dest v\u00fdro\u010d\u00ed Velk\u00e9 francouzsk\u00e9 revoluce a je pojmenov\u00e1na po jej\u00edm staviteli \u2013 Gustavu Eiffelovi. P\u016fvodn\u011b se zam\u00fd\u0161lelo, \u017ee bude rozebr\u00e1na po 20 letech...","datePublished":"2020-01-26","dateModified":"2024-01-04","author":{"@type":"Person","@id":"https:\/\/www.countryon.cz\/author\/#Person","name":"","url":"https:\/\/www.countryon.cz\/author\/","identifier":1,"image":{"@type":"ImageObject","@id":"https:\/\/secure.gravatar.com\/avatar\/0c97be8873d84c78e7a3da39294dc9e209ea44cdddcf1d79ac5ad761aa3cfc7f?s=96&d=mm&r=g","url":"https:\/\/secure.gravatar.com\/avatar\/0c97be8873d84c78e7a3da39294dc9e209ea44cdddcf1d79ac5ad761aa3cfc7f?s=96&d=mm&r=g","height":96,"width":96}},"publisher":{"@type":"Organization","name":"countryon.cz","logo":{"@type":"ImageObject","@id":"\/logo.png","url":"\/logo.png","width":600,"height":60}},"image":{"@type":"ImageObject","@id":"https:\/\/www.countryon.cz\/wp-content\/uploads\/img_a371978_w1736_t1583309566.jpg","url":"https:\/\/www.countryon.cz\/wp-content\/uploads\/img_a371978_w1736_t1583309566.jpg","height":0,"width":0},"url":"https:\/\/www.countryon.cz\/to-nejlepsi-z-parize-aneb-4-duvody-proc-vyrazit\/","about":["Nakupov\u00e1n\u00ed"],"wordCount":452,"articleBody":"       Kultura  Pa\u0159\u00ed\u017e je kulturou zcela obklopen\u00e1. Asi \u00fapln\u011b prvn\u00ed, co v\u0161echny napadne je Eiffelova v\u011b\u017e. Vznikla na po\u010dest v\u00fdro\u010d\u00ed Velk\u00e9 francouzsk\u00e9 revoluce a je pojmenov\u00e1na po jej\u00edm staviteli \u2013 Gustavu Eiffelovi. P\u016fvodn\u011b se zam\u00fd\u0161lelo, \u017ee bude rozebr\u00e1na po 20 letech od jej\u00edho vzniku, ale d\u00edky jej\u00ed funkci jako\u017eto meteostanice a pozd\u011bji i televizn\u00ed vys\u00edla\u010d, bylo rozhodnuto o jej\u00edm zachov\u00e1n\u00ed. Postupem \u010dasu se proslavila a dnes u\u017e si ani Pa\u0159\u00ed\u017e bez Eiffelovky neum\u00edme p\u0159edstavit. Pokud ji chcete nav\u0161t\u00edvit, vyberte mo\u017enost brzk\u00e9ho r\u00e1na (okolo 8. hodiny), kdy se je\u0161t\u011b netvo\u0159\u00ed fronta, proto\u017ee jinak m\u016f\u017eete \u010dekat i cel\u00fd den. Po ve\u010derech se zase Eiffelovka sv\u00edt\u00ed ka\u017edou hodinu a p\u0159itahuje tak do nedalek\u00e9ho parky zamilovan\u00e9 p\u00e1ry, kter\u00e9 si na rozsv\u00edcen\u00ed po\u010dkaj\u00ed. Um\u011bn\u00ed  V Pa\u0159\u00ed\u017ei je um\u00edst\u011bno na 170 muze\u00ed a k tomu ka\u017ed\u00fd den prob\u00edh\u00e1 nespo\u010det galeri\u00ed, http:\/\/dubanci.cz\/galerie\/  kter\u00e9 a\u0165 u\u017e maj\u00ed st\u00e1lou expozici \u010di ne, jsou jednodu\u0161e \u00fa\u017easn\u00e9. Prav\u00e9 nad\u0161ence ur\u010dit\u011b nemine Louvre, Mus\u00e9e d\u2019Orsay a Centre Georges Pompidou. V muze\u00edch v\u0161ak nenajdete jen um\u011bn\u00ed, ale i muzea zam\u011b\u0159en\u00e1 na techniku, novodob\u00e9 objevy, humanismus a mnoho a mnoho dal\u0161\u00edch. Um\u011bn\u00ed v\u0161ak nenajdete jen uvnit\u0159 t\u011bchto budov. M\u016f\u017eete se nechat nadchnout i tzv. street art. Tito pouli\u010dn\u00ed um\u011blci V\u00e1m zp\u0159\u00edjemn\u00ed Va\u0161i n\u00e1v\u0161t\u011bvu zp\u011bvem, hudbou, nebo i jin\u00fdm druhem um\u011bn\u00ed. N\u011bkte\u0159\u00ed V\u00e1m nakresl\u00ed Va\u0161i podobiznu atd. J\u00eddlo  Posledn\u00edm d\u016fvodem, pro\u010d vyrazit (hlavn\u011b pro n\u00e1s \u010cechy) je j\u00eddlo. Gastronomie ve Francii je velmi specifick\u00e1, a to nejen sama o sob\u011b, ale hlavn\u011b proto, \u017ee ka\u017ed\u00fd region m\u00e1 sv\u00e1 j\u00eddla a specifika. Stejn\u011b jako kdy\u017e u n\u00e1s srovn\u00e1te pra\u017eskou gastronomii s tou na Morav\u011b. Francouzsk\u00e9 j\u00eddlo vyvol\u00e1 ve v\u011bt\u0161in\u011b lid\u00ed tak trochu pocit hladu a chuti. P\u0159edstav\u00ed si toti\u017e k\u0159upavou bagetu se skv\u011bl\u00fdm s\u00fdrem a k tomu v\u00edno. Ve Francii toho najdete mnohem v\u00edce. Ano, tohle j samoz\u0159ejm\u011b klasika, kterou nesm\u00edte zapomenout vyzkou\u0161et, ale Francie dok\u00e1\u017ee ohromit nap\u0159\u00edklad i sal\u00e1my, pa\u0161tikami, a dal\u0161\u00edmi pochutinami. Letenky  Letenky do Pa\u0159\u00ed\u017ee nejsou jedny z nejlevn\u011bj\u0161\u00edch, ale pokud si spr\u00e1vn\u011b vyberete \u010das m\u016f\u017eete hodn\u011b u\u0161et\u0159it. Za skv\u011blou cenu i ve vyt\u00ed\u017een\u00fdch m\u011bs\u00edc\u00edch najdete letenky z Prahy do Pa\u0159\u00ed\u017ee na levneletenky.cz.                                                                                                                                                                                                                                                                                                                                                                                          4.7\/5 - (9 votes)        "},{"@context":"https:\/\/schema.org\/","@type":"BreadcrumbList","itemListElement":[{"@type":"ListItem","position":1,"name":"To nejlep\u0161\u00ed z Pa\u0159\u00ed\u017ee aneb 4 d\u016fvody pro\u010d vyrazit","item":"https:\/\/www.countryon.cz\/to-nejlepsi-z-parize-aneb-4-duvody-proc-vyrazit\/#breadcrumbitem"}]}]